{"id":4178,"date":"2024-09-11T10:54:23","date_gmt":"2024-09-11T17:54:23","guid":{"rendered":"https:\/\/saintjosephcatholicschool.org\/?p=4178"},"modified":"2024-09-11T10:54:23","modified_gmt":"2024-09-11T17:54:23","slug":"the-principals-september-2024-newsletter","status":"publish","type":"post","link":"https:\/\/saintjosephcatholicschool.org\/es\/2024\/09\/11\/the-principals-september-2024-newsletter\/","title":{"rendered":"The Principal\u2019s September 2024 Newsletter"},"content":{"rendered":"<p>Saludos familias de nuestra escuela,<\/p>\n\n\n\n<p>\u00a1Ha sido un comienzo verdaderamente bendecido para el a\u00f1o escolar 2024-25! Gracias a todos por su continuo<br>apoyo, participaci\u00f3n y oraciones. Es a trav\u00e9s de este esfuerzo colectivo que nuestro programa florece.<\/p>\n\n\n\n<p>Este es un momento muy especial en San Jos\u00e9, ya que ampliamos nuestra oferta al nivel de escuela intermedia. Nuestra clase inaugural de sexto grado acaba de regresar de tres noches en el Centro de Aprendizaje Cispus en Randle, WA. Se lo han pasado excelente participando en actividades educativas al aire libre, uni\u00e9ndose como grupo y creciendo en su fe. Estamos agradecidos por esta oportunidad y por los maestros y padres que se tomaron tiempo de sus apretadas agendas para asistir y ayudar en el campamento.<\/p>\n\n\n\n<p>A medida que nuestro cuerpo estudiantil crezca en n\u00famero y en ofertas de nivel de grado,\nnecesitaremos un espacio de escuela intermedia m\u00e1s permanente. Debido a esta necesidad y a la necesidad de un espacio m\u00e1s grande para todas las actividades relacionadas con la fe en la iglesia, hay planes para terminar el nivel inferior de Kuykendall Hall como <strong style=\"color:red\">el Centro de Formaci\u00f3n de Fe St. Joseph.<\/strong> La escuela utilizar\u00e1\nestas aulas durante los d\u00edas de semana, y las salas se utilizar\u00e1n para la formaci\u00f3n en la fe de adultos y j\u00f3venes durante las noches y los fines de semana. \u00a1 <strong style=\"color:red\">La campa\u00f1a de capital<\/strong> para recaudar $3,000,000 est\u00e1 comenzando\nactualmente y ya hemos recaudado m\u00e1s de $200,000! Creemos que podemos alcanzar este objetivo y esperamos poder iniciar la construcci\u00f3n este a\u00f1o. Necesitaremos ayuda en estos esfuerzos. <strong style=\"color:red\">Considere c\u00f3mo puede ofrecer un regalo que pueda ayudar a hacer realidad este sue\u00f1o que servir\u00e1 para una multitud de hermosos prop\u00f3sitos para un gran n\u00famero de personas durante muchos, muchos a\u00f1os por venir<\/strong> <a href=\"https:\/\/www.stjosephwen.org\/capital-campaign\">AQU\u00cd.<\/a> tienes m\u00e1s informaci\u00f3n sobre el proyecto. Invitamos a todas las familias a asistir a nuestra pr\u00f3xima Misa dirigida por la escuela, con estudiantes vestidos con uniformes de Misa del viernes, <strong style=\"color:red\">el domingo 15 de septiembre a las 9:00 am.<\/strong> Nuestro coro estar\u00e1 all\u00ed para cantar y tambi\u00e9n tendremos estudiantes lectores. Este es tambi\u00e9n el Domingo Catequ\u00e9tico, un d\u00eda en el que se honra a todos los maestros de la fe. Todos los estudiantes que asistan recibir\u00e1n un cup\u00f3n gratuito para el d\u00eda de vestimenta para una fecha designada en el futuro. \u00a1Venga a representar a la escuela!<\/p>\n\n\n\n<p>Estamos muy agradecidos por todos los ni\u00f1os a los que servimos, por nuestro personal docente y\npersonal dedicado y capacitado, y por nuestras familias y personas que nos apoyan. En un esfuerzo por incluir siempre a nuestras familias como miembros del equipo en el proceso educativo, los invitamos a todos a nuestra\npr\u00f3xima <strong style=\"color:red\">Noche de Curr\u00edculo<\/strong> en la escuela <strong style=\"color:red\">el mi\u00e9rcoles 18 de septiembre, a partir de las 6:00 pm en el gimnasio de la escuela.<\/strong> Comenzaremos con una actualizaci\u00f3n de la acreditaci\u00f3n de la WCEA y un cronograma de autoestudio, adem\u00e1s de compartir nuestra declaraci\u00f3n de misi\u00f3n actualizada. Tambi\u00e9n abordaremos material adicional para toda la escuela y presentaremos al personal. Despu\u00e9s de todo este tiempo de grupo, habr\u00e1 presentaciones breves muy importantes en las aulas que cubrir\u00e1n el plan de estudios, el horario, las rutinas, la oportunidad de inscribirse como voluntario, etc. La velada deber\u00eda concluir a las 7:30 pm. <strong style=\"color:red\">Este evento no es para estudiantes, sino para padres y tutores.<\/strong> \u00a1Esperamos verlos a todos all\u00ed!<\/p>\n\n\n\n<p>Mi puerta siempre est\u00e1 abierta y agradezco mucho la colaboraci\u00f3n. Si tiene alguna pregunta o\ninquietud, comun\u00edquese conmigo para que podamos programar una reuni\u00f3n. Que tenga un mes maravilloso.<br><br>Paz y bendiciones,<br>Lisa Martinez<br>Principal<\/p>","protected":false},"excerpt":{"rendered":"<p>Greetings School Families, It has been a truly blessed start to the 2024-25 school year! Thank you all for your continuedsupport, involvement, and prayers. It is through this collective effort that our program flourishes. This is a very special time at St. Joe\u2019s, as we expand our offerings to the middle school level. Our inaugural&hellip;<\/p>","protected":false},"author":1,"featured_media":0,"comment_status":"closed","ping_status":"open","sticky":false,"template":"","format":"standard","meta":{"_seopress_robots_primary_cat":"none","_seopress_titles_title":"","_seopress_titles_desc":"","_seopress_robots_index":"","footnotes":""},"categories":[10],"tags":[],"class_list":["post-4178","post","type-post","status-publish","format-standard","hentry","category-principals-newsletter"],"_links":{"self":[{"href":"https:\/\/saintjosephcatholicschool.org\/es\/wp-json\/wp\/v2\/posts\/4178","targetHints":{"allow":["GET"]}}],"collection":[{"href":"https:\/\/saintjosephcatholicschool.org\/es\/wp-json\/wp\/v2\/posts"}],"about":[{"href":"https:\/\/saintjosephcatholicschool.org\/es\/wp-json\/wp\/v2\/types\/post"}],"author":[{"embeddable":true,"href":"https:\/\/saintjosephcatholicschool.org\/es\/wp-json\/wp\/v2\/users\/1"}],"replies":[{"embeddable":true,"href":"https:\/\/saintjosephcatholicschool.org\/es\/wp-json\/wp\/v2\/comments?post=4178"}],"version-history":[{"count":1,"href":"https:\/\/saintjosephcatholicschool.org\/es\/wp-json\/wp\/v2\/posts\/4178\/revisions"}],"predecessor-version":[{"id":4180,"href":"https:\/\/saintjosephcatholicschool.org\/es\/wp-json\/wp\/v2\/posts\/4178\/revisions\/4180"}],"wp:attachment":[{"href":"https:\/\/saintjosephcatholicschool.org\/es\/wp-json\/wp\/v2\/media?parent=4178"}],"wp:term":[{"taxonomy":"category","embeddable":true,"href":"https:\/\/saintjosephcatholicschool.org\/es\/wp-json\/wp\/v2\/categories?post=4178"},{"taxonomy":"post_tag","embeddable":true,"href":"https:\/\/saintjosephcatholicschool.org\/es\/wp-json\/wp\/v2\/tags?post=4178"}],"curies":[{"name":"wp","href":"https:\/\/api.w.org\/{rel}","templated":true}]}}