{"id":3465,"date":"2024-01-05T13:49:39","date_gmt":"2024-01-05T21:49:39","guid":{"rendered":"https:\/\/saintjosephcatholicschool.org\/?p=3465"},"modified":"2024-03-03T14:39:55","modified_gmt":"2024-03-03T22:39:55","slug":"the-principals-january-newsletter","status":"publish","type":"post","link":"https:\/\/saintjosephcatholicschool.org\/es\/2024\/01\/05\/the-principals-january-newsletter\/","title":{"rendered":"The Principal&#8217;s January Newsletter"},"content":{"rendered":"<p>Frohes neues Jahr!<\/p>\n\n\n\n<p>Oro para que hayas tenido una hermosa Navidad y que el nuevo a\u00f1o traiga abundante paz, alegr\u00eda y oportunidad de compartir el amor de Dios en todo lo que haces. Han sucedido muchas cosas emocionantes durante el a\u00f1o 2023 por las que estoy muy agradecido. Seguimos celebrando a todo nuestro dedicado clero, profesores, personal, familias y estudiantes, y su compromiso con la misi\u00f3n de la escuela. Siempre estamos agradecidos por el tiempo y la experiencia que ofrecen todos nuestros dedicados equipos de personas. \u00a1Gracias por todo lo que hacen! Uno de los desarrollos m\u00e1s emocionantes de este a\u00f1o ha sido tener la oportunidad de agregar 6.\u00b0 grado a nuestra escuela San Jos\u00e9 en el a\u00f1o escolar 2024-25, \u00a1con la intenci\u00f3n de agregar 7.\u00b0 y 8.\u00b0 durante los siguientes dos a\u00f1os! Estamos muy contentos por esta oportunidad y esperamos con ansias esta aventura. Mientras preparamos y planificamos esta incorporaci\u00f3n, nos gustar\u00eda involucrar a todas las partes interesadas en el proceso de desarrollo. <strong style=\"color:DodgerBlue;\">Wir laden die Gemeinde zu einer Pr\u00e4sentation ein, die die Visionen der Mittelschule und die langfristige Budgetmethodik und -projektionen am Donnerstag, den 11. Januar 2024 um 18:00 Uhr in der Turnhalle der Schule beinhaltet.<\/strong> Wir hoffen, Sie dort zu sehen! <strong style=\"color:#CF2E2E;\">Die Einschreibung f\u00fcr das Schuljahr 2024-2025 ist er\u00f6ffnet!<\/strong> Die Studiengeb\u00fchren finden Sie unter <a href=\"https:\/\/saintjosephcatholicschool.org\/tuition\/\"><strong>AQU\u00cd.<\/strong><\/a>Las familias actuales tendr\u00e1n prioridad de inscripci\u00f3n hasta el 1 de febrero y recibir\u00e1n un descuento por reserva anticipada de $50 por ni\u00f1o si se inscriben antes del 31 de enero (los nuevos estudiantes de PK3 tambi\u00e9n pueden inscribirse ahora). Abriremos la inscripci\u00f3n a nuevas familias el 1 de febrero. Se anima a las nuevas familias a presentar su solicitud ahora y programar un recorrido por la escuela y una reuni\u00f3n con la administraci\u00f3n. El preescolar y el jard\u00edn de infantes se est\u00e1n llenando r\u00e1pidamente este a\u00f1o. Ahora se aceptan solicitudes de asistencia para la matr\u00edcula; insistimos a todas las familias que necesitan apoyo financiero a presentar su solicitud <a href=\"https:\/\/saintjosephcatholicschool.org\/tuition-assistance\/\"><strong>AQU\u00cd.<\/strong><\/a>Es importante para nosotros tener la inscripci\u00f3n establecida lo m\u00e1s pronto posible, para poder planificar, dotar de personal y presupuestar mejor para el a\u00f1o escolar 2024-25. Comun\u00edquese con cualquier pregunta que pueda tener en\nesta \u00e1rea.<\/p>\n\n\n\n<p>La <strong style=\"color:#CF2E2E;\">subasta anual Have-a-Heart<\/strong> se acerca r\u00e1pidamente y necesitamos su ayuda para que sea lo m\u00e1s exitosa posible. <strong style=\"color:#CF2E2E;\">Recuerde adquirir art\u00edculos para la subasta y registrarse para ayudar de alguna manera.<\/strong> \u00a1Muchas manos hacen trabajo liviano! Estamos agradecidos por nuestro liderazgo en la subasta y nos gustar\u00eda invitar a nuevos l\u00edderes a asumir varios puestos de presidente en el a\u00f1o escolar 2024-25. Es una gran oportunidad para servir y aprender junto a nuestros l\u00edderes capacitados este a\u00f1o para asumir el liderazgo el pr\u00f3ximo a\u00f1o. Comun\u00edquese con nosotros para obtener m\u00e1s informaci\u00f3n y \u00fanase a nosotros en <strong style=\"color:#CF2E2E;\">la pr\u00f3xima reuni\u00f3n de subasta el lunes 8 de enero a las 6:00 pm en la escuela.<\/strong><\/p>\n\n\n\n<p><strong style=\"color:DodgerBlue;\">La Semana de las Escuelas Cat\u00f3licas comenzar\u00e1 el domingo 28 de enero con una misa dirigida por la escuela en la iglesia cat\u00f3lica San Jos\u00e9, Wenatchee. \u00a1<\/strong> The week will be filled with celebratory events! Stay tuned for a detailed schedule. Please feel free to reach out to me with any great ideas or questions that you may have.<\/p>\n\n\n\n<p>Paz-Lisa Martinez<br>\u00a1Feliz a\u00f1o nuevo!<\/p>","protected":false},"excerpt":{"rendered":"<p>Happy New Year! I pray that you have had a beautiful Christmas and that the new year brings an abundance of peace, joy, and opportunity to share God\u2019s love in all that you do. Many exciting things have happened over the 2023 year that I am very grateful for. We continue to celebrate all of&hellip;<\/p>","protected":false},"author":1,"featured_media":0,"comment_status":"closed","ping_status":"open","sticky":false,"template":"","format":"standard","meta":{"_seopress_robots_primary_cat":"none","_seopress_titles_title":"","_seopress_titles_desc":"","_seopress_robots_index":"","footnotes":""},"categories":[10],"tags":[],"class_list":["post-3465","post","type-post","status-publish","format-standard","hentry","category-principals-newsletter"],"_links":{"self":[{"href":"https:\/\/saintjosephcatholicschool.org\/es\/wp-json\/wp\/v2\/posts\/3465","targetHints":{"allow":["GET"]}}],"collection":[{"href":"https:\/\/saintjosephcatholicschool.org\/es\/wp-json\/wp\/v2\/posts"}],"about":[{"href":"https:\/\/saintjosephcatholicschool.org\/es\/wp-json\/wp\/v2\/types\/post"}],"author":[{"embeddable":true,"href":"https:\/\/saintjosephcatholicschool.org\/es\/wp-json\/wp\/v2\/users\/1"}],"replies":[{"embeddable":true,"href":"https:\/\/saintjosephcatholicschool.org\/es\/wp-json\/wp\/v2\/comments?post=3465"}],"version-history":[{"count":2,"href":"https:\/\/saintjosephcatholicschool.org\/es\/wp-json\/wp\/v2\/posts\/3465\/revisions"}],"predecessor-version":[{"id":3470,"href":"https:\/\/saintjosephcatholicschool.org\/es\/wp-json\/wp\/v2\/posts\/3465\/revisions\/3470"}],"wp:attachment":[{"href":"https:\/\/saintjosephcatholicschool.org\/es\/wp-json\/wp\/v2\/media?parent=3465"}],"wp:term":[{"taxonomy":"category","embeddable":true,"href":"https:\/\/saintjosephcatholicschool.org\/es\/wp-json\/wp\/v2\/categories?post=3465"},{"taxonomy":"post_tag","embeddable":true,"href":"https:\/\/saintjosephcatholicschool.org\/es\/wp-json\/wp\/v2\/tags?post=3465"}],"curies":[{"name":"wp","href":"https:\/\/api.w.org\/{rel}","templated":true}]}}