{"id":3186,"date":"2023-10-06T22:38:26","date_gmt":"2023-10-07T05:38:26","guid":{"rendered":"https:\/\/saintjosephcatholicschool.org\/?p=3186"},"modified":"2023-11-15T16:16:34","modified_gmt":"2023-11-16T00:16:34","slug":"the-principals-october-newsletter","status":"publish","type":"post","link":"https:\/\/saintjosephcatholicschool.org\/es\/2023\/10\/06\/the-principals-october-newsletter\/","title":{"rendered":"Bolet\u00edn del Director de octubre"},"content":{"rendered":"<p class=\"has-text-align-center translation-block\">La misi\u00f3n de la Escuela Cat\u00f3lica San Jos\u00e9 es utilizar el conocimiento del amor de Dios para educar al ni\u00f1o en su totalidad, inculcando fuertes valores morales, respetando y sirviendo a nuestra diversa comunidad, y logrando la excelencia acad\u00e9mica para el \u00e9xito futuro.<\/p>\n\n\n\n<p>Saludos familias de nuestra escuela,<br>Fue un placer tener a muchos de ustedes en la escuela para la Noche de Curr\u00edculo el 20 de septiembre. Fue agradable reunirnos como maestros, personal y padres, en colaboraci\u00f3n, para servir mejor a nuestros estudiantes en su formaci\u00f3n religiosa, moral y educativa.<br>En la Noche del Curr\u00edculo discutimos la esperanza de establecer una escuela secundaria aqu\u00ed en San Jos\u00e9 en un futuro cercano. La Comisi\u00f3n Asesora Escolar (SAC) y el Comit\u00e9 de Finanzas est\u00e1n trabajando arduamente para completar la planificaci\u00f3n preliminar que se presentar\u00e1 al Obispo Tyson y a Doug Rich (superintendente de Escuelas Cat\u00f3licas de la di\u00f3cesis) el 22 de octubre. Si el obispo Tyson nos da permiso, nos gustar\u00eda establecer el sexto grado el pr\u00f3ximo a\u00f1o (2024 -25), utilizando nuestro edificio actual. Planear\u00edamos agregar un grado por a\u00f1o hasta el octavo, durante los pr\u00f3ximos tres a\u00f1os. \u00a1Mantendremos a la comunidad actualizada sobre cualquier noticia sobre esta emocionante posibilidad!<br><span class=\"has-vivid-cyan-blue-color has-text-color\"><strong>El mes de octubre est\u00e1 dedicado al Santo Rosario<\/strong>,<\/span> y celebramos la Memoria de Nuestra Se\u00f1ora del Santo Rosario el pr\u00f3ximo s\u00e1bado 10\/07. Este es un mes especial para ofrecernos a nuestra Madre Mar\u00eda y entrar en el pac\u00edfico rezo meditativo del Rosario. Aqu\u00ed hay algunos recursos para que usted use y use en casa durante el mes:<br><a rel=\"noreferrer noopener\" href=\"https:\/\/hallow.com\/blog\/how-to-pray-the-rosary\/\" target=\"_blank\">https:\/\/hallow.com\/blog\/how-to-pray-the-rosary\/<br><\/a><a rel=\"noreferrer noopener\" href=\"https:\/\/www.looktohimandberadiant.com\/2020\/09\/month-of-rosary-editable-and-sharable.html?m=1\" target=\"_blank\">https:\/\/www.looktohimandberadiant.com\/2020\/09\/month-of-rosary-editable-and-sharable.html?m=1<br><\/a><a rel=\"noreferrer noopener\" href=\"https:\/\/www.loyolapress.com\/search\/?keyword=rosary\" target=\"_blank\">https:\/\/www.loyolapress.com\/search\/?keyword=rosary<br><\/a>Nuestra virtud de estudio este mes es la Reverencia, mostrando tu m\u00e1s profundo respeto por las cosas de Dios. Ayude a sus hijos a practicar esta virtud tambi\u00e9n fuera de la escuela. Aqu\u00ed hay una <a rel=\"noreferrer noopener\" href=\"https:\/\/www.nashvilledominican.org\/wp-content\/uploads\/PARENT-Guide-VIP-1.pdf\" data-type=\"link\" data-id=\"https:\/\/www.nashvilledominican.org\/wp-content\/uploads\/PARENT-Guide-VIP-1.pdf\" target=\"_blank\">GU\u00cdA PARA PADRES<\/a> con\nrecursos que puede utilizar.<br>Este a\u00f1o nuestro cuerpo docente asistir\u00e1 a un desarrollo profesional continuo para desarrollar a\u00fan m\u00e1s las\nmejores pr\u00e1cticas de ense\u00f1anza que satisfagan las necesidades de todos nuestros estudiantes. Continuaremos\ncon sesiones GLAD (Dise\u00f1o de Adquisici\u00f3n Guiada del Lenguaje), as\u00ed como desarrollo profesional en torno a la evaluaci\u00f3n de datos y ciclos de reflexi\u00f3n y establecimiento de objetivos. En San Jos\u00e9 tenemos un compromiso con nuestra misi\u00f3n y con la mejora continua en todas las \u00e1reas. Los comentarios de los padres son muy importantes para nosotros en este proceso. Si a\u00fan no lo ha hecho, t\u00f3mese un momento (la encuesta cierra el jueves 5 de octubre) para ofrecer su opini\u00f3n <a rel=\"noreferrer noopener\" href=\"https:\/\/docs.google.com\/forms\/d\/e\/1FAIpQLSd50WpGtkorJvZcfSCEeeAiWGFwFffvkqSZZmDlUo--EDyDlg\/closedform\" data-type=\"link\" data-id=\"https:\/\/docs.google.com\/forms\/d\/e\/1FAIpQLSd50WpGtkorJvZcfSCEeeAiWGFwFffvkqSZZmDlUo--EDyDlg\/closedform\" target=\"_blank\">AQU\u00cd.<\/a>.<br>Tenemos varios eventos pr\u00f3ximos a finales de este mes. Tendremos una misa dominical patrocinada por la escuela a las 9:00 am el 22 de octubre. \u00a1Ser\u00e1 fant\u00e1stico tener tantas familias presentes para representar a nuestra escuela ese d\u00eda! Organizaremos nuestro Trunk or Treat anual el viernes 27 de octubre, de 5:30 a 7:30 p.m. \u00a1Este es siempre un evento de construcci\u00f3n de comunidad muy divertido! Si quieres decorar una cajuela, reg\u00edstrate <a rel=\"noreferrer noopener\" href=\"https:\/\/docs.google.com\/forms\/d\/e\/1FAIpQLScppuz6bE4dkDNrwURj5yTKjzIbcx5bBpkwHAUt3exkKW-gtA\/viewform\" target=\"_blank\">AQU\u00cd.<\/a>Tambi\u00e9n tendremos conferencias de padres y maestros de lunes a mi\u00e9rcoles (10\/30 al 11\/1), pronto habr\u00e1 oportunidades de inscripci\u00f3n. Regresaremos a la escuela el jueves 2 de noviembre y organizaremos nuestra Feria Santa anual esa noche en el gimnasio. No dude en comunicarse con cualquier pregunta o inquietud que pueda tener.<br>Bendiciones-Lisa Martinez<\/p>","protected":false},"excerpt":{"rendered":"<p>The mission of St. Joseph Catholic School is to use the knowledge of God\u2019s love to educate the whole child by instilling strong moral values, respecting and serving our diverse community, and achieving academic excellence for future success. Greetings School Families,It was a pleasure having many of you at the school for Curriculum Night on&hellip;<\/p>","protected":false},"author":1,"featured_media":0,"comment_status":"closed","ping_status":"open","sticky":false,"template":"","format":"standard","meta":{"_seopress_robots_primary_cat":"none","_seopress_titles_title":"","_seopress_titles_desc":"","_seopress_robots_index":"","footnotes":""},"categories":[10],"tags":[],"class_list":["post-3186","post","type-post","status-publish","format-standard","hentry","category-principals-newsletter"],"_links":{"self":[{"href":"https:\/\/saintjosephcatholicschool.org\/es\/wp-json\/wp\/v2\/posts\/3186","targetHints":{"allow":["GET"]}}],"collection":[{"href":"https:\/\/saintjosephcatholicschool.org\/es\/wp-json\/wp\/v2\/posts"}],"about":[{"href":"https:\/\/saintjosephcatholicschool.org\/es\/wp-json\/wp\/v2\/types\/post"}],"author":[{"embeddable":true,"href":"https:\/\/saintjosephcatholicschool.org\/es\/wp-json\/wp\/v2\/users\/1"}],"replies":[{"embeddable":true,"href":"https:\/\/saintjosephcatholicschool.org\/es\/wp-json\/wp\/v2\/comments?post=3186"}],"version-history":[{"count":5,"href":"https:\/\/saintjosephcatholicschool.org\/es\/wp-json\/wp\/v2\/posts\/3186\/revisions"}],"predecessor-version":[{"id":3311,"href":"https:\/\/saintjosephcatholicschool.org\/es\/wp-json\/wp\/v2\/posts\/3186\/revisions\/3311"}],"wp:attachment":[{"href":"https:\/\/saintjosephcatholicschool.org\/es\/wp-json\/wp\/v2\/media?parent=3186"}],"wp:term":[{"taxonomy":"category","embeddable":true,"href":"https:\/\/saintjosephcatholicschool.org\/es\/wp-json\/wp\/v2\/categories?post=3186"},{"taxonomy":"post_tag","embeddable":true,"href":"https:\/\/saintjosephcatholicschool.org\/es\/wp-json\/wp\/v2\/tags?post=3186"}],"curies":[{"name":"wp","href":"https:\/\/api.w.org\/{rel}","templated":true}]}}